{"exhibit":{"title":"M\u00e9moires des paysages sonores ","description":"<p>Ce projet p\u00e9dagogique sur les paysages sonores est n\u00e9 d\u2019une collaboration avec les services environnement et culturel de la Communaut\u00e9 de Communes de Pont Audemer Val de Risle, dans le cadre de l\u2019\u00e9tude \u00ab Trame verte et bleue \u00bb engag\u00e9e par la collectivit\u00e9. Cette \u00e9tude comprend une collecte de donn\u00e9es via les sons et paysages sonores de chaque commune r\u00e9alis\u00e9e par un bio acousticien. C\u2019est dans ce cadre que le travail des \u00e9l\u00e8ves s\u2019inscrit.<br \/><br \/><\/p>","credits":"Anseaume, H\u00e9l\u00e8ne ; Remmeau, Emily ; classe 1H 2024-25","featured":0,"public":1,"theme":"","theme_options":null,"slug":"memoires-des-paysages-sonores","added":"2025-06-19 10:50:45","modified":"2025-06-26 12:57:07","owner_id":1,"use_summary_page":0,"cover_image_file_id":316,"id":9},"item":{"item_type_id":6,"collection_id":null,"featured":0,"public":1,"added":"2025-06-26 10:42:34","modified":"2025-06-26 10:42:34","owner_id":1,"id":343}}