{"exhibit":{"title":"M\u00e9moires de la Seconde Guerre Mondiale \u00e0 Pont-Audemer\u00a0(Eure) : un patrimoine valoris\u00e9","description":"<p align=\"center\" style=\"margin-bottom: 0cm;\"><span style=\"font-size: medium;\"><b><\/b><\/span><\/p>\r\n<p align=\"center\" style=\"margin-bottom: 0cm;\"><span style=\"font-size: medium;\"><b>Sources principales : <\/b><\/span><\/p>\r\n<ul>\r\n<li>\r\n<p align=\"left\" style=\"margin-bottom: 0cm;\"><span style=\"font-size: medium;\">Sortie du 24 septembre 2024&nbsp;: exposition m\u00e9moires de guerre \u00e0 Pont-Audemer, <em>De l'occupation \u00e0 la Reconstruction<\/em><span style=\"text-decoration: none;\">, du 1er ao\u00fbt au 27 septembre \u00e0 la galerie Th\u00e9roulde, \u00e0 Pont-Audemer, dans le cadre du 80e anniversaire de la lib\u00e9ration de Pont-Audemer, organis\u00e9e le service en charge de la mission valorisation du patrimoine de la ville de Pont-Audemer.<\/span><\/span><\/p>\r\n<\/li>\r\n<li>\r\n<p align=\"left\" style=\"margin-bottom: 0cm; text-decoration: none;\"><span style=\"font-size: medium;\">Audios&nbsp;: T\u00e9moignages sur la seconde Guerre Mondiale de Pont-Audem\u00e9riens recueillis par la ville de Pont-Audemer, 2024.<\/span><\/p>\r\n<\/li>\r\n<li>\r\n<p align=\"left\" style=\"margin-bottom: 0cm;\"><span style=\"font-size: medium;\"><em>Combattre, r\u00e9sister et reconstruction<\/em>&nbsp;: sur les traces de la seconde Guerre mondiale<span style=\"text-decoration: none;\">, Circuit dans la ville, organis\u00e9e par la ville de Pont-Audemer.<\/span><\/span><\/p>\r\n<\/li>\r\n<li>\r\n<p align=\"left\" style=\"margin-bottom: 0cm; text-decoration: none;\"><span style=\"font-size: medium;\">Devoir de m\u00e9moire, travail des lyc\u00e9ens du lyc\u00e9e Pr\u00e9vert de Pont-Audemer, 2024<\/span><\/p>\r\n<\/li>\r\n<\/ul>\r\n<p align=\"center\" style=\"margin-bottom: 0cm; text-decoration: none;\"><span style=\"font-size: medium;\"><b>Objectifs&nbsp;: <\/b><\/span><\/p>\r\n<ul>\r\n<li>\r\n<p align=\"left\" style=\"font-weight: normal; margin-bottom: 0cm; text-decoration: none;\"><span style=\"font-size: medium;\">Analyser et comprendre le d\u00e9roulement de la seconde Guerre mondiale et notamment \u00e0 Pont-Audemer&nbsp;: Combattre, R\u00e9sister, Reconstruction<\/span><\/p>\r\n<p align=\"left\" style=\"font-weight: normal; margin-bottom: 0cm;\"><\/p>\r\n<span style=\"font-size: medium;\">Analyser et comprendre le devoir de transmission et de ne pas oublier&nbsp;: les M\u00e9moires de la seconde Guerre Mondiale et notamment \u00e0 Pont-Audemer <\/span><\/li>\r\n<li style=\"display: block;\">\r\n<p align=\"center\" style=\"font-weight: normal; margin-bottom: 0cm;\"><span style=\"text-decoration: none;\"> <\/span><span style=\"text-decoration: none;\"> <span style=\"font-size: medium;\"><b>Int\u00e9gration dans les programmes&nbsp;: <\/b><\/span><\/span><\/p>\r\n<\/li>\r\n<li>\r\n<p align=\"left\" style=\"font-weight: normal; margin-bottom: 0cm; text-decoration: none;\"><span style=\"font-size: medium;\">La seconde Guerre mondiale en terminale tronc commun<\/span><\/p>\r\n<span style=\"font-size: medium;\">Th\u00e8me 3&nbsp;: Histoire et m\u00e9moires en terminale Histoire, G\u00e9ographie, G\u00e9opolitique, Sciences Politiques<\/span><\/li>\r\n<\/ul>\r\n<p align=\"center\" style=\"font-weight: normal; margin-bottom: 0cm;\"><span style=\"font-size: medium;\"><span style=\"text-decoration: none;\"><b>El\u00e8ves engag\u00e9s dans le projet <\/b><\/span><span style=\"text-decoration: none;\"> <\/span><\/span><\/p>\r\n<ul>\r\n<li>\r\n<p align=\"center\" style=\"font-weight: normal; margin-bottom: 0cm; text-decoration: none;\"><span style=\"font-size: medium;\">El\u00e8ves de Terminale H et \u00e9l\u00e8ves de Terminale HGGSP Groupe B du lyc\u00e9e Jacques Pr\u00e9vert, de Pont-Audemer<\/span><\/p>\r\n<\/li>\r\n<li style=\"display: block;\">\r\n<p align=\"center\" style=\"margin-bottom: 0cm; text-decoration: none;\"><span style=\"font-size: medium;\"><b>Productions r\u00e9alis\u00e9es<\/b><\/span><\/p>\r\n<p align=\"center\" style=\"font-weight: normal; margin-bottom: 0cm; text-decoration: none;\"><span style=\"font-size: medium;\">Lettres, Audios, Interview, Article, Sketch Note, parcours de m\u00e9moires, Jeu de soci\u00e9t\u00e9, photographies....<\/span><\/p>\r\n<\/li>\r\n<\/ul>","credits":"Terminale H, Terminales HGGSP gr B 2024-25,  Agn\u00e8s Vaille,  Atelier m\u00e9dias ","featured":0,"public":1,"theme":"","theme_options":null,"slug":"memoires","added":"2025-03-25 13:23:05","modified":"2025-03-31 15:41:00","owner_id":1,"use_summary_page":1,"cover_image_file_id":223,"id":7},"item":{"item_type_id":6,"collection_id":null,"featured":0,"public":1,"added":"2025-03-31 15:32:08","modified":"2025-03-31 15:32:27","owner_id":1,"id":244}}